{"id":2186,"date":"2019-11-20T15:06:25","date_gmt":"2019-11-20T14:06:25","guid":{"rendered":"http:\/\/www.santeenfrance.fr\/blog\/?p=2186"},"modified":"2020-04-22T10:33:09","modified_gmt":"2020-04-22T08:33:09","slug":"residence-services-seniors-une-solution-contre-la-solitude","status":"publish","type":"post","link":"https:\/\/www.santeenfrance.fr\/blog\/residence-services-seniors-une-solution-contre-la-solitude-2186","title":{"rendered":"R\u00e9sidence services seniors : une solution contre la solitude"},"content":{"rendered":"<p>En France, un quart des personnes de plus de 75 ans souffrent de vivre seules. Parfois \u00e9loign\u00e9s de leur famille, une fois sortis de la vie active, certains seniors peinent \u00e0 reconstruire un tissu social. Anodine en apparence, cette situation est, pourtant, une cause de mal \u00eatre probant chez les personnes \u00e2g\u00e9es. Pour rompre cet isolement et retrouver un quotidien, plein de joie de vivre, des solutions simples existent. Parmi elles, <strong>les r\u00e9sidences services senior<\/strong>, ces petits havres de paix conciliant communaut\u00e9, h\u00e9bergement et services de proximit\u00e9.<\/p>\n<h2>Isolement des seniors : une solitude familiale et sociale<\/h2>\n<p>Publi\u00e9 en 2013, un rapport de la Fondation de France sur les Solitudes \u00e9tablit que <strong>25% des personnes \u00e2g\u00e9es de 75 ans et plus sont concern\u00e9es par l\u2019isolement<\/strong>. Un constat difficile, d\u2019autant plus que ce chiffre est en constante augmentation.<br \/>\nLa <strong>solitude des personnes \u00e2g\u00e9es<\/strong> s\u2019est consid\u00e9rablement amplifi\u00e9e depuis quelques ann\u00e9es, au point qu\u2019en janvier 2014, a \u00e9t\u00e9 lanc\u00e9 un plan national pour lutter contre l\u2019isolement de cette tranche de la population : le plan Monalisa (Mobilisation Nationale contre l\u2019Isolement Social des Ag\u00e9s).<br \/>\nDerri\u00e8re cette solitude affich\u00e9e, des causes multiples, qui rel\u00e8vent tant de l\u2019environnement personnel que de tristes constats sur notre soci\u00e9t\u00e9. En effet, les seniors cumulent fr\u00e9quemment plusieurs facteurs individuels de solitude, tels que :<\/p>\n<ul>\n<li>La disparition du <strong>conjoint<\/strong>, des fr\u00e8res et s\u0153urs, des amis proches.<\/li>\n<li>L\u2019absence ou l\u2019<strong>\u00e9loignement des enfants<\/strong>, la rupture des relations familiales.<\/li>\n<li>La <strong>maladie, le handicap, la perte progressive de l\u2019autonomie<\/strong> qui entra\u00eenent la peur ou l\u2019impossibilit\u00e9 de sortir et de maintenir des liens sociaux de proximit\u00e9.<\/li>\n<li>La <strong>diminution des ressources financi\u00e8res<\/strong>, voire la pauvret\u00e9.<\/li>\n<\/ul>\n<p>A ces difficult\u00e9s personnelles, s\u2019ajoutent des facteurs soci\u00e9taux, en particulier la dispersion g\u00e9ographique des familles et le d\u00e9litement du tissu social, notamment dans les villes, o\u00f9 les liens de voisinage s\u2019effritent.<\/p>\n<p class=\"lienSEF\"><a href=\"https:\/\/www.santeenfrance.fr\/blog\/solitude-chez-les-seniors-1476\">\u00catre senior et locataire peut amener la solitude<\/a><\/p>\n<h2>Isolement des seniors : quelles cons\u00e9quences ?<\/h2>\n<p>Il arrive que la solitude soit un choix. Toutefois, l \u2018isolement des seniors est g\u00e9n\u00e9ralement subi plut\u00f4t que choisi, entra\u00eenant de nombreuses cons\u00e9quences, qui affectent tous les aspects de leur vie.<br \/>\nUne fois amorc\u00e9e, la <strong>d\u00e9socialisation<\/strong> ne fait que s\u2019accentuer. Progressivement, la personne isol\u00e9e r\u00e9duit le nombre de ses sorties et ses activit\u00e9s, jusqu\u2019\u00e0 rester r\u00e9ellement seule. Le manque de socialisation entra\u00eene alors un d\u00e9ficit de stimulations cognitives et sensorielles. Celui-ci acc\u00e9l\u00e8re les <strong>processus de vieillissement c\u00e9r\u00e9bral, la perte de m\u00e9moire et des capacit\u00e9s de r\u00e9flexion<\/strong>, allant jusqu\u2019\u00e0 des atteintes possibles des capacit\u00e9s de rep\u00e9rage dans le temps et l\u2019espace.<br \/>\nLe psychisme est \u00e9galement \u00e9branl\u00e9. La personne se sent abandonn\u00e9e, des <strong>sentiments de plus en plus n\u00e9gatifs<\/strong> se manifestent : d\u00e9pr\u00e9ciation de soi, sentiment d\u2019\u00eatre inutile, incapable, de ne plus int\u00e9resser personne. Le repli sur soi s\u2019intensifie, les forces int\u00e9rieures se d\u00e9litent et une spirale n\u00e9gative s\u2019enclenche.<br \/>\nPhysiquement, la personne est<strong> mal en point, fatigu\u00e9e, souffrante<\/strong>, se nourrissant mal et dormant mal. A ce stade, la d\u00e9pression de la personne \u00e2g\u00e9e r\u00f4de et survient fr\u00e9quemment. Elle se caract\u00e9rise par :<\/p>\n<ul>\n<li>Une <strong>tristesse<\/strong> et une apathie persistantes,<\/li>\n<li>Une perte d\u2019int\u00e9r\u00eat pour soi-m\u00eame se traduisant par la <strong>malnutrition<\/strong>, l\u2019oubli des prises de m\u00e9dicaments, une hygi\u00e8ne n\u00e9glig\u00e9e,<\/li>\n<li>Une forte <strong>angoisse<\/strong>,<\/li>\n<li>Des sympt\u00f4mes divers tels que <strong>douleurs<\/strong> inexpliqu\u00e9es, troubles de la m\u00e9moire, irritabilit\u00e9, agressivit\u00e9,<\/li>\n<li>Des pens\u00e9es suicidaires, dans les cas les plus difficiles. Toutes cat\u00e9gories de populations confondues, le taux de suicide en France est le plus \u00e9lev\u00e9 chez les plus de 65 ans.<\/li>\n<\/ul>\n<p>Heureusement, l\u2019isolement des seniors n\u2019est pas une fatalit\u00e9. Plut\u00f4t que de ruminer, il faut parfois savoir remettre ses petites habitudes en cause pour s\u2019ouvrir \u00e0 un monde nouveau. Et ce, \u00e0 tout \u00e2ge !<\/p>\n<h2>Solitude des seniors : quelles solutions ?<\/h2>\n<p>Parce qu\u2019il n\u2019est pas toujours possible de visiter r\u00e9guli\u00e8rement les siens, des <strong>alternatives au maintien \u00e0 domicile<\/strong> sont envisageables. Opter pour un h\u00e9bergement sp\u00e9cialis\u00e9 pour les seniors est alors une fa\u00e7on efficace de lutter contre une d\u00e9socialisation susceptible d\u2019engendrer des id\u00e9es noires. Selon l\u2019\u00e9tat de sant\u00e9 de la personne \u00e2g\u00e9e concern\u00e9e, un accompagnement plus ou moins pr\u00e9sent du personnel m\u00e9dical est \u00e0 envisager.<\/p>\n<h3>R\u00e9sidence Senior Services, un nouveau chez soi \u00e0 partager !<\/h3>\n<p>L\u2019entr\u00e9e dans une r\u00e9sidence senior services est un excellent moyen d\u2019\u00e9viter l\u2019isolement et de reprendre une <strong>vie sociale riche et agr\u00e9able<\/strong>. La r\u00e9sidence senior service permet, en effet, d\u2019allier une vie totalement ind\u00e9pendante \u00e0 de nombreuses occasions de vie sociale.<br \/>\nLes r\u00e9sidents ont \u00e0 leur disposition des <strong>espaces de d\u00e9tente<\/strong> o\u00f9 des loisirs communs s\u2019organisent spontan\u00e9ment (scrabble, belote, bridge\u2026). Des <strong>activit\u00e9s<\/strong> vari\u00e9es sont \u00e9galement propos\u00e9es par la r\u00e9sidence, allant de l\u2019aquagym aux ateliers m\u00e9moire, en passant par la chorale\u2026 Les personnes h\u00e9berg\u00e9es dans ce type de r\u00e9sidence \u00e9vitent ainsi l\u2019isolement, tout en ayant la possibilit\u00e9 de <strong>rentrer chez elles<\/strong> quand elles le d\u00e9sirent. En somme, le parfait \u00e9quilibre entre tranquillit\u00e9 et convivialit\u00e9 !<\/p>\n<h3>Maison de retraite &amp; EHPAD, de la chaleur humaine et des soins m\u00e9dicaux<\/h3>\n<p>Pour des personnes plus avanc\u00e9es en \u00e2ge ou dans une situation de d\u00e9pendance, l\u2019entr\u00e9e dans une <a href=\"https:\/\/www.santeenfrance.fr\/annuaire\/4-maisons-de-retraite-ehpad-ehpa\">maison de retraite ou un EPHAD<\/a> peut \u00e9galement \u00eatre envisag\u00e9e comme un moyen de rompre la solitude et de vivre une vie plus entour\u00e9e.<br \/>\nBien choisie, <strong>la maison de retraite<\/strong>, m\u00e9dicalis\u00e9e ou non, offre en effet l\u2019assurance que <strong>la personne sera prise en charge<\/strong> sur tous les plans, y compris sur le plan <strong>affectif et social<\/strong>. L\u00e0 aussi, sont propos\u00e9es des <strong>activit\u00e9s<\/strong> favorisant le lien entre les r\u00e9sidents. Il n\u2019est pas rare de voir une personne d\u00e9pressive \u00e0 force d\u2019\u00eatre isol\u00e9e <strong>reprendre go\u00fbt \u00e0 la vie<\/strong> en participant \u00e0 des s\u00e9ances de jardinage, \u00e0 des ateliers de cuisine, ou encore en devenant membre du comit\u00e9 de r\u00e9daction du journal interne. Parfois, une simple attention quotidienne et un bon petit plat suffisent \u00e0 retrouver le sourire\u2026<br \/>\nLa <strong>solitude des personnes \u00e2g\u00e9es est trop souvent un fl\u00e9au aux cons\u00e9quences potentiellement dramatiques<\/strong>, mais elle n\u2019est pas une fatalit\u00e9. Comprendre le probl\u00e8me et mesurer les risques qu\u2019il implique repr\u00e9sente un grand pas en avant. Il est alors possible d\u2019\u00e9tudier au cas par cas les solutions qui permettront de <strong>rompre la solitude<\/strong> de la personne \u00e2g\u00e9e et de lui rendre le sourire et l\u2019espoir.<\/p>\n","protected":false},"excerpt":{"rendered":"<p>En France, un quart des personnes de plus de 75 ans souffrent de vivre seules. Parfois \u00e9loign\u00e9s de leur famille, une fois sortis de la vie active, certains seniors peinent \u00e0 reconstruire un tissu social. Anodine en apparence, cette situation est, pourtant, une cause de mal \u00eatre probant chez les personnes \u00e2g\u00e9es. Pour rompre cet&#8230; <\/p>\n<div class=\"link-more\"><a href=\"https:\/\/www.santeenfrance.fr\/blog\/residence-services-seniors-une-solution-contre-la-solitude-2186\">En savoir plus<\/a><\/div>\n","protected":false},"author":1,"featured_media":2188,"comment_status":"open","ping_status":"open","sticky":false,"template":"","format":"standard","meta":[],"categories":[1],"tags":[],"_links":{"self":[{"href":"https:\/\/www.santeenfrance.fr\/blog\/wp-json\/wp\/v2\/posts\/2186"}],"collection":[{"href":"https:\/\/www.santeenfrance.fr\/blog\/wp-json\/wp\/v2\/posts"}],"about":[{"href":"https:\/\/www.santeenfrance.fr\/blog\/wp-json\/wp\/v2\/types\/post"}],"author":[{"embeddable":true,"href":"https:\/\/www.santeenfrance.fr\/blog\/wp-json\/wp\/v2\/users\/1"}],"replies":[{"embeddable":true,"href":"https:\/\/www.santeenfrance.fr\/blog\/wp-json\/wp\/v2\/comments?post=2186"}],"version-history":[{"count":5,"href":"https:\/\/www.santeenfrance.fr\/blog\/wp-json\/wp\/v2\/posts\/2186\/revisions"}],"predecessor-version":[{"id":2555,"href":"https:\/\/www.santeenfrance.fr\/blog\/wp-json\/wp\/v2\/posts\/2186\/revisions\/2555"}],"wp:featuredmedia":[{"embeddable":true,"href":"https:\/\/www.santeenfrance.fr\/blog\/wp-json\/wp\/v2\/media\/2188"}],"wp:attachment":[{"href":"https:\/\/www.santeenfrance.fr\/blog\/wp-json\/wp\/v2\/media?parent=2186"}],"wp:term":[{"taxonomy":"category","embeddable":true,"href":"https:\/\/www.santeenfrance.fr\/blog\/wp-json\/wp\/v2\/categories?post=2186"},{"taxonomy":"post_tag","embeddable":true,"href":"https:\/\/www.santeenfrance.fr\/blog\/wp-json\/wp\/v2\/tags?post=2186"}],"curies":[{"name":"wp","href":"https:\/\/api.w.org\/{rel}","templated":true}]}}