{"id":2613,"date":"2020-06-11T11:10:31","date_gmt":"2020-06-11T09:10:31","guid":{"rendered":"http:\/\/www.santeenfrance.fr\/blog\/?p=2613"},"modified":"2020-06-11T11:10:31","modified_gmt":"2020-06-11T09:10:31","slug":"ouverture-du-premier-village-alzheimer-de-france-a-dax","status":"publish","type":"post","link":"https:\/\/www.santeenfrance.fr\/blog\/ouverture-du-premier-village-alzheimer-de-france-a-dax-2613","title":{"rendered":"Ouverture du premier village Alzheimer de France \u00e0 Dax"},"content":{"rendered":"<p>C&rsquo;est le jour J (11 juin 2020) pour l&rsquo;ouverture du <strong>premier village d\u00e9di\u00e9 \u00e0 la prise en charge des personnes atteintes de la <a href=\"https:\/\/www.santeenfrance.fr\/blog\/seniors\/alzheimer\">maladie d&rsquo;Alzheimer<\/a><\/strong> qui est install\u00e9 dans les Landes (40).<\/p>\n<p>L&rsquo;id\u00e9e de cr\u00e9er ce site d\u2019accueil a vu le jour gr\u00e2ce \u00e0 la mise en avant d&rsquo;un village de ce type aux Pays-Bas dans le journal le Monde. En effet, Henri Emmanuelli est \u00e0 l\u2019initiative du projet et a de suite souhait\u00e9 un \u00e9tablissement \u00e9quivalent pour son d\u00e9partement.<\/p>\n<p>Le chantier a d\u00e9but\u00e9 en avril 2018 avec pour objectif une <a href=\"https:\/\/www.santeenfrance.fr\/blog\/creation-dun-village-alzheimer-dans-les-landes-pour-2019-448\">ouverture pr\u00e9vue pour fin 2019<\/a> puis pour avril 2020. Cependant suite \u00e0 la crise sanitaire du Covid-19, l&rsquo;ouverture fut contrainte d&rsquo;\u00eatre report\u00e9e au 11 juin.<\/p>\n<p>Ce centre m\u00e9dicalis\u00e9 va accueillir 120 r\u00e9sidents, et sera compos\u00e9 de 120 b\u00e9n\u00e9voles et 120 professionnels. L\u2019approche de la maladie est abord\u00e9e diff\u00e9remment dans ce village. En effet, la prise de m\u00e9dicament n&rsquo;est pas mise en avant, mais plut\u00f4t les activit\u00e9s th\u00e9rapeutiques afin de conserver le maximum de capacit\u00e9 cognitive. Initiative innovante, ce <strong>village Alzheimer \u00e0 Dax (40)<\/strong> est aussi un lieu de recherche pour la maladie, gr\u00e2ce \u00e0 son Centre Ressources compos\u00e9 de sp\u00e9cialiste de l&rsquo;Alzheimer et de professionnels de la sant\u00e9.<\/p>\n<p>Lieu de vie \u00e0 part structur\u00e9 en 5 diff\u00e9rents quartiers, il arbore une architecture moderne (par Champagnat &amp; Gr\u00e9goire et Nord Architects) avec pour c\u0153ur du village : la Bastide. C&rsquo;est le lieu o\u00f9 se trouve l&rsquo;ensemble des \u00e9quipements et services pour les r\u00e9sidents mais aussi pour les familles. Les 4 autres quartiers sont les lieux de r\u00e9sidences compos\u00e9s de 4 maisons chacun accueillant 7 \u00e0 8 personnes.<\/p>\n<p>Autre atout charme du site <strong>Village Landais Alzheimer<\/strong>, son parc de 5 hectares avec son \u00e9tang au centre et son potager qui ne sera pas uniquement entretenu par le personnel mais aussi par les r\u00e9sidents sous forme d&rsquo;activit\u00e9.<\/p>\n<p>Pour en savoir plus, rendez-vous sur le site officiel de l&rsquo;\u00e9tablissement : <a href=\"https:\/\/villagealzheimer.landes.fr\">https:\/\/villagealzheimer.landes.fr<\/a><\/p>\n","protected":false},"excerpt":{"rendered":"<p>C&rsquo;est le jour J (11 juin 2020) pour l&rsquo;ouverture du premier village d\u00e9di\u00e9 \u00e0 la prise en charge des personnes atteintes de la maladie d&rsquo;Alzheimer qui est install\u00e9 dans les Landes (40). L&rsquo;id\u00e9e de cr\u00e9er ce site d\u2019accueil a vu le jour gr\u00e2ce \u00e0 la mise en avant d&rsquo;un village de ce type aux Pays-Bas&#8230; <\/p>\n<div class=\"link-more\"><a href=\"https:\/\/www.santeenfrance.fr\/blog\/ouverture-du-premier-village-alzheimer-de-france-a-dax-2613\">En savoir plus<\/a><\/div>\n","protected":false},"author":1,"featured_media":2616,"comment_status":"open","ping_status":"open","sticky":false,"template":"","format":"standard","meta":[],"categories":[19],"tags":[],"_links":{"self":[{"href":"https:\/\/www.santeenfrance.fr\/blog\/wp-json\/wp\/v2\/posts\/2613"}],"collection":[{"href":"https:\/\/www.santeenfrance.fr\/blog\/wp-json\/wp\/v2\/posts"}],"about":[{"href":"https:\/\/www.santeenfrance.fr\/blog\/wp-json\/wp\/v2\/types\/post"}],"author":[{"embeddable":true,"href":"https:\/\/www.santeenfrance.fr\/blog\/wp-json\/wp\/v2\/users\/1"}],"replies":[{"embeddable":true,"href":"https:\/\/www.santeenfrance.fr\/blog\/wp-json\/wp\/v2\/comments?post=2613"}],"version-history":[{"count":6,"href":"https:\/\/www.santeenfrance.fr\/blog\/wp-json\/wp\/v2\/posts\/2613\/revisions"}],"predecessor-version":[{"id":2621,"href":"https:\/\/www.santeenfrance.fr\/blog\/wp-json\/wp\/v2\/posts\/2613\/revisions\/2621"}],"wp:featuredmedia":[{"embeddable":true,"href":"https:\/\/www.santeenfrance.fr\/blog\/wp-json\/wp\/v2\/media\/2616"}],"wp:attachment":[{"href":"https:\/\/www.santeenfrance.fr\/blog\/wp-json\/wp\/v2\/media?parent=2613"}],"wp:term":[{"taxonomy":"category","embeddable":true,"href":"https:\/\/www.santeenfrance.fr\/blog\/wp-json\/wp\/v2\/categories?post=2613"},{"taxonomy":"post_tag","embeddable":true,"href":"https:\/\/www.santeenfrance.fr\/blog\/wp-json\/wp\/v2\/tags?post=2613"}],"curies":[{"name":"wp","href":"https:\/\/api.w.org\/{rel}","templated":true}]}}