{"id":2846,"date":"2023-12-11T14:13:11","date_gmt":"2023-12-11T13:13:11","guid":{"rendered":"https:\/\/www.santeenfrance.fr\/blog\/?p=2846"},"modified":"2023-12-11T14:13:11","modified_gmt":"2023-12-11T13:13:11","slug":"lhabitat-partage-une-alternative-qui-se-developpe","status":"publish","type":"post","link":"https:\/\/www.santeenfrance.fr\/blog\/lhabitat-partage-une-alternative-qui-se-developpe-2846","title":{"rendered":"L\u2019habitat partag\u00e9, une alternative qui se d\u00e9veloppe"},"content":{"rendered":"<p><strong>De plus en plus de seniors fran\u00e7ais choisissent l\u2019habitat partag\u00e9. Cette solution permet aux personnes \u00e2g\u00e9es de maintenir leur ind\u00e9pendance tout en renfor\u00e7ant le lien social.<\/strong><\/p>\n<p>Ce n\u2019est un secret pour personne, le nombre de <a href=\"https:\/\/www.insee.fr\/fr\/statistiques\/4238381?sommaire=4238781\" target=\"_blank\" rel=\"noopener noreferrer\">personnes \u00e2g\u00e9es en France<\/a> augmente chaque ann\u00e9e, et la part des seniors dans la population globale est en croissance constante. Parall\u00e8lement, les <a href=\"https:\/\/www.santeenfrance.fr\/\" target=\"_blank\" rel=\"noopener noreferrer\">solutions d\u2019h\u00e9bergement pour personnes \u00e2g\u00e9es<\/a> se multiplient, chacune apportant son lot de nouveaut\u00e9s. Parmi celles-ci, les h\u00e9bergements en habitat partag\u00e9 deviennent de plus en plus pl\u00e9biscit\u00e9s.<\/p>\n<h2>L\u2019habitat partag\u00e9, qu\u2019est-ce que c\u2019est\u00a0?<\/h2>\n<p>Il s\u2019agit d\u2019un habitat collectif o\u00f9 diff\u00e9rentes personnes vivent en communaut\u00e9. Chaque habitant poss\u00e8de son propre logement mais des espaces collectifs sont \u00e9galement pr\u00e9vus pour permettre une vie collective \u00e0 la mani\u00e8re d\u2019une colocation. Les habitats partag\u00e9s n\u2019h\u00e9bergent habituellement pas plus de 15 personnes, la moyenne nationale se situant \u00e0 10 habitants par h\u00e9bergement.<\/p>\n<h2>Des avantages non-n\u00e9gligeables<\/h2>\n<p>De par leur nature, les <a href=\"https:\/\/www.habitatsdespossibles.org\/\" target=\"_blank\" rel=\"noopener noreferrer\">habitats partag\u00e9s<\/a> permettent aux r\u00e9sidents de garder une grande autonomie et une totale libert\u00e9 dans leur vie quotidienne. Mais vivre en autonomie ne signifie pas vivre en autarcie, bien au contraire. Le lien social est au c\u0153ur de tous les projets. Le fait de vivre ensemble et en petit nombre permet aux personnes \u00e2g\u00e9es d\u2019apprendre \u00e0 se conna\u00eetre et de s\u2019aider au quotidien. Par ailleurs, une grande partie des habitats partag\u00e9s revendiquent une mixit\u00e9 g\u00e9n\u00e9rationnelle en accueillant \u00e0 la fois des personnes \u00e2g\u00e9es et des jeunes ou des familles. A ces avantages s\u2019ajoute la question financi\u00e8re. Une place en habitat partag\u00e9 est g\u00e9n\u00e9ralement moins ch\u00e8re que dans un EHPAD ou une r\u00e9sidence autonomie.<\/p>\n<h2>Une tendance qui se d\u00e9veloppe<\/h2>\n<p>Depuis 15 ans, les projets ne cessent de se d\u00e9velopper, chiffres \u00e0 l\u2019appui. D\u2019apr\u00e8s une \u00e9tude men\u00e9e par <a href=\"https:\/\/www.habitatparticipatif-france.fr\/?AccueilHPF\" target=\"_blank\" rel=\"noopener noreferrer\">Habitat Participatif France<\/a>, l\u2019hexagone comptait en 2021 un total de 900 projets d\u2019habitats partag\u00e9s, soit 9000 logements potentiels. Une forte augmentation quand on constate que ce chiffre \u00e9tait de 576 en 2018. En moyenne, la croissance du nombre de logements en habitat partag\u00e9 est de 18% chaque ann\u00e9e depuis 2009. Cette courbe est amen\u00e9e \u00e0 devenir exponentielle d\u2019ici 2030 si tous les projets de concr\u00e9tisent.<\/p>\n<h2>La menace de la d\u00e9pendance<\/h2>\n<p>Les habitats partag\u00e9s accueillent principalement des seniors relativement autonomes. Lorsque des situations de d\u00e9pendance s\u2019installent, la pr\u00e9sence d\u2019un corps m\u00e9dical \u00e0 proximit\u00e9 de la personne \u00e2g\u00e9e devient alors essentielle. En effet, un collectif de personnes, aussi volontaires soient-elles, ne pourra pas se substituer sur la dur\u00e9e \u00e0 des professionnels qualifi\u00e9s. Pour les personnes en perte partielle ou totale d\u2019autonomie, d\u2019autres solutions d\u2019h\u00e9bergement sont \u00e0 prioriser.<\/p>\n","protected":false},"excerpt":{"rendered":"<p>De plus en plus de seniors fran\u00e7ais choisissent l\u2019habitat partag\u00e9. Cette solution permet aux personnes \u00e2g\u00e9es de maintenir leur ind\u00e9pendance tout en renfor\u00e7ant le lien social. Ce n\u2019est un secret pour personne, le nombre de personnes \u00e2g\u00e9es en France augmente chaque ann\u00e9e, et la part des seniors dans la population globale est en croissance constante&#8230;. <\/p>\n<div class=\"link-more\"><a href=\"https:\/\/www.santeenfrance.fr\/blog\/lhabitat-partage-une-alternative-qui-se-developpe-2846\">En savoir plus<\/a><\/div>\n","protected":false},"author":1,"featured_media":2847,"comment_status":"open","ping_status":"open","sticky":false,"template":"","format":"standard","meta":[],"categories":[1],"tags":[],"_links":{"self":[{"href":"https:\/\/www.santeenfrance.fr\/blog\/wp-json\/wp\/v2\/posts\/2846"}],"collection":[{"href":"https:\/\/www.santeenfrance.fr\/blog\/wp-json\/wp\/v2\/posts"}],"about":[{"href":"https:\/\/www.santeenfrance.fr\/blog\/wp-json\/wp\/v2\/types\/post"}],"author":[{"embeddable":true,"href":"https:\/\/www.santeenfrance.fr\/blog\/wp-json\/wp\/v2\/users\/1"}],"replies":[{"embeddable":true,"href":"https:\/\/www.santeenfrance.fr\/blog\/wp-json\/wp\/v2\/comments?post=2846"}],"version-history":[{"count":2,"href":"https:\/\/www.santeenfrance.fr\/blog\/wp-json\/wp\/v2\/posts\/2846\/revisions"}],"predecessor-version":[{"id":2849,"href":"https:\/\/www.santeenfrance.fr\/blog\/wp-json\/wp\/v2\/posts\/2846\/revisions\/2849"}],"wp:featuredmedia":[{"embeddable":true,"href":"https:\/\/www.santeenfrance.fr\/blog\/wp-json\/wp\/v2\/media\/2847"}],"wp:attachment":[{"href":"https:\/\/www.santeenfrance.fr\/blog\/wp-json\/wp\/v2\/media?parent=2846"}],"wp:term":[{"taxonomy":"category","embeddable":true,"href":"https:\/\/www.santeenfrance.fr\/blog\/wp-json\/wp\/v2\/categories?post=2846"},{"taxonomy":"post_tag","embeddable":true,"href":"https:\/\/www.santeenfrance.fr\/blog\/wp-json\/wp\/v2\/tags?post=2846"}],"curies":[{"name":"wp","href":"https:\/\/api.w.org\/{rel}","templated":true}]}}