{"id":2852,"date":"2023-12-19T16:29:52","date_gmt":"2023-12-19T15:29:52","guid":{"rendered":"https:\/\/www.santeenfrance.fr\/blog\/?p=2852"},"modified":"2023-12-19T16:34:05","modified_gmt":"2023-12-19T15:34:05","slug":"le-cout-des-mutuelles-va-augmenter-en-2024","status":"publish","type":"post","link":"https:\/\/www.santeenfrance.fr\/blog\/le-cout-des-mutuelles-va-augmenter-en-2024-2852","title":{"rendered":"Le co\u00fbt des mutuelles va augmenter en 2024"},"content":{"rendered":"<p><strong>Une enqu\u00eate publi\u00e9e ce mardi 19 d\u00e9cembre montre que les cotisations des mutuelles vont fortement augmenter en 2024. La hausse moyenne attendue sera de 8,1%.<\/strong><\/p>\n<p>C\u2019est une mauvaise nouvelle pour le portefeuille des fran\u00e7ais\u00a0: l\u2019augmentation annonc\u00e9e du co\u00fbt des mutuelles. D\u2019apr\u00e8s une <a href=\"https:\/\/www.mutualite.fr\/presse\/81-en-moyenne-pour-les-cotisations-des-mutuelles-une-augmentation-qui-suit-levolution-globale-des-depenses-de-sante\/\">enqu\u00eate de la Mutualit\u00e9 Fran\u00e7aise<\/a> portant sur 38 mutuelles repr\u00e9sentant 18,7 millions de personnes, l\u2019augmentation du co\u00fbt sera g\u00e9n\u00e9ralis\u00e9e en 2024 et devrait tr\u00e8s nettement d\u00e9passer l\u2019inflation, <a href=\"https:\/\/www.tresor.economie.gouv.fr\/Articles\/2023\/10\/04\/publication-du-rapport-economique-social-et-financier-plf-pour-2024\">annonc\u00e9e \u00e0 2,6%<\/a>.<\/p>\n<h2>Une hausse constante<\/h2>\n<p>Dans le d\u00e9tail, les contrats individuels (jeunes, personnes \u00e2g\u00e9es, professionnels ind\u00e9pendants, agents publics) verront leurs cotisations cro\u00eetre en moyenne de 7,3%. Cette hausse sera de 9,9% en moyenne pour les cotisations des contrats collectifs obligatoires. La hausse moyenne toutes cat\u00e9gories confondues sera port\u00e9e \u00e0 8,1%. Ce chiffre repr\u00e9sente une hausse extr\u00eamement forte, alors que le co\u00fbt moyen des compl\u00e9mentaires sant\u00e9 \u00e9tait d\u00e9j\u00e0 en augmentation ces derni\u00e8res ann\u00e9es. En 2021, l&rsquo;augmentation moyenne des cotisations \u00e9tait de 2,6%, puis 3,4% en 2022 et 4,7% en 2023. Il faut donc s&rsquo;attendre \u00e0 ce que cette tendance se poursuive dans les prochaines ann\u00e9es.<\/p>\n<h2>Des causes identifi\u00e9es<\/h2>\n<p>L\u2019enqu\u00eate attribue cette augmentation \u00e0 plusieurs facteurs. A commencer par la hausse des d\u00e9penses de <a href=\"https:\/\/www.santeenfrance.fr\/\">sant\u00e9 en France<\/a>. De janvier \u00e0 ao\u00fbt 2023, les prestations vers\u00e9es par les mutuelles ont augment\u00e9 de 6% par rapport \u00e0 l\u2019ann\u00e9e pr\u00e9c\u00e9dente \u00e0 la m\u00eame \u00e9poque. Autres explications avanc\u00e9es, l\u2019augmentation de la r\u00e9mun\u00e9ration des professionnels de sant\u00e9 ainsi que le transfert de d\u00e9penses vers les mutuelles pour les soins dentaires depuis le d\u00e9but du mois de novembre. L\u00e0 o\u00f9 les mutuelles prenaient 30% des frais dentaires auparavant, elles prennent aujourd&rsquo;hui 40% de ces d\u00e9penses. Cette hausse repr\u00e9sente un co\u00fbt d&rsquo;environ 500 millions d&rsquo;euros chaque ann\u00e9e pour les compl\u00e9mentaires sant\u00e9.<\/p>\n","protected":false},"excerpt":{"rendered":"<p>Une enqu\u00eate publi\u00e9e ce mardi 19 d\u00e9cembre montre que les cotisations des mutuelles vont fortement augmenter en 2024. La hausse moyenne attendue sera de 8,1%. C\u2019est une mauvaise nouvelle pour le portefeuille des fran\u00e7ais\u00a0: l\u2019augmentation annonc\u00e9e du co\u00fbt des mutuelles. D\u2019apr\u00e8s une enqu\u00eate de la Mutualit\u00e9 Fran\u00e7aise portant sur 38 mutuelles repr\u00e9sentant 18,7 millions de&#8230; <\/p>\n<div class=\"link-more\"><a href=\"https:\/\/www.santeenfrance.fr\/blog\/le-cout-des-mutuelles-va-augmenter-en-2024-2852\">En savoir plus<\/a><\/div>\n","protected":false},"author":1,"featured_media":2853,"comment_status":"open","ping_status":"open","sticky":false,"template":"","format":"standard","meta":[],"categories":[28],"tags":[29],"_links":{"self":[{"href":"https:\/\/www.santeenfrance.fr\/blog\/wp-json\/wp\/v2\/posts\/2852"}],"collection":[{"href":"https:\/\/www.santeenfrance.fr\/blog\/wp-json\/wp\/v2\/posts"}],"about":[{"href":"https:\/\/www.santeenfrance.fr\/blog\/wp-json\/wp\/v2\/types\/post"}],"author":[{"embeddable":true,"href":"https:\/\/www.santeenfrance.fr\/blog\/wp-json\/wp\/v2\/users\/1"}],"replies":[{"embeddable":true,"href":"https:\/\/www.santeenfrance.fr\/blog\/wp-json\/wp\/v2\/comments?post=2852"}],"version-history":[{"count":4,"href":"https:\/\/www.santeenfrance.fr\/blog\/wp-json\/wp\/v2\/posts\/2852\/revisions"}],"predecessor-version":[{"id":2857,"href":"https:\/\/www.santeenfrance.fr\/blog\/wp-json\/wp\/v2\/posts\/2852\/revisions\/2857"}],"wp:featuredmedia":[{"embeddable":true,"href":"https:\/\/www.santeenfrance.fr\/blog\/wp-json\/wp\/v2\/media\/2853"}],"wp:attachment":[{"href":"https:\/\/www.santeenfrance.fr\/blog\/wp-json\/wp\/v2\/media?parent=2852"}],"wp:term":[{"taxonomy":"category","embeddable":true,"href":"https:\/\/www.santeenfrance.fr\/blog\/wp-json\/wp\/v2\/categories?post=2852"},{"taxonomy":"post_tag","embeddable":true,"href":"https:\/\/www.santeenfrance.fr\/blog\/wp-json\/wp\/v2\/tags?post=2852"}],"curies":[{"name":"wp","href":"https:\/\/api.w.org\/{rel}","templated":true}]}}