{"id":2898,"date":"2024-05-28T17:30:23","date_gmt":"2024-05-28T15:30:23","guid":{"rendered":"https:\/\/www.santeenfrance.fr\/blog\/?p=2898"},"modified":"2024-05-28T17:30:23","modified_gmt":"2024-05-28T15:30:23","slug":"aide-a-mourir-le-projet-de-loi-est-examine","status":"publish","type":"post","link":"https:\/\/www.santeenfrance.fr\/blog\/aide-a-mourir-le-projet-de-loi-est-examine-2898","title":{"rendered":"Aide \u00e0 mourir : le projet de loi est examin\u00e9"},"content":{"rendered":"<p><strong>Alors que le projet de loi sur la fin de vie est en premi\u00e8re lecture devant les d\u00e9put\u00e9s pour une dur\u00e9e de deux semaines, de nombreux points font d\u00e9bats au sein de l\u2019h\u00e9micycle.<\/strong><\/p>\n<p>Sujet sensible au programme pour les deux prochaines semaines \u00e0 l\u2019Assembl\u00e9e Nationale. Les 577 d\u00e9put\u00e9s ont jusqu\u2019au 11 juin pour examiner et adopter en premi\u00e8re lecture <a href=\"https:\/\/www.assemblee-nationale.fr\/dyn\/16\/textes\/l16b2634_texte-adopte-commission\" target=\"_blank\" rel=\"noopener noreferrer\">le projet de loi relatif \u00e0 l\u2019accompagnement des malades et de la fin de vie<\/a>. De ces d\u00e9bats pourrait na\u00eetre <strong>un droit \u00e0 b\u00e9n\u00e9ficier d\u2019une aide active \u00e0 mourir<\/strong>, ce qui constituerait une premi\u00e8re en France.<\/p>\n<h2>Crit\u00e8res obligatoires \u00e0 respecter<\/h2>\n<p>Le texte gouvernemental avait \u00e9t\u00e9 annonc\u00e9 par Emmanuel Macron le 10 mars, avant d\u2019\u00eatre remani\u00e9 courant mai par la commission sp\u00e9ciale de l\u2019Assembl\u00e9e. D\u2019apr\u00e8s le projet de loi, l\u2019aide \u00e0 mourir ne sera accord\u00e9e que si <strong>la personne qui la demande r\u00e9pond \u00e0 plusieurs crit\u00e8res<\/strong>. Elle devra \u00eatre de nationalit\u00e9 fran\u00e7aise ou r\u00e9sider de fa\u00e7on stable et r\u00e9guli\u00e8re en France, \u00eatre majeure et \u00eatre atteinte d\u2019une maladie grave et incurable. Autres crit\u00e8res, la personne devra pr\u00e9senter une souffrance physique ou psychologique en lien avec la maladie, et \u00eatre en mesurer de manifester sa volont\u00e9 de mourir de fa\u00e7on libre et \u00e9clair\u00e9e.<\/p>\n<h2>Des d\u00e9tails qui n&rsquo;en sont pas<\/h2>\n<p>Le texte de loi, d\u00e9j\u00e0 modifi\u00e9 par la commission sp\u00e9ciale de l\u2019Assembl\u00e9e, est amen\u00e9 \u00e0 \u00eatre modifi\u00e9 une nouvelle fois durant ces deux semaines. Parmi les points qui risquent d\u2019\u00eatre d\u00e9battus, la notion de pronostic vital engag\u00e9 \u00e0 court ou moyen terme devrait mettre en relief les diff\u00e9rents clivages dans l\u2019h\u00e9micycle. Autre point sensible, la notion de souffrance \u00ab\u00a0physique ou psychologique\u00a0\u00bb pourrait \u00eatre modifi\u00e9e en rempla\u00e7ant le \u00ab\u00a0ou\u00a0\u00bb par un \u00ab\u00a0et\u00a0\u00bb, ce qui aurait pour effet d\u2019exclure certaines personnes du dispositif.<\/p>\n<p>La question du <strong>mode d\u2019administration de la substance l\u00e9tale<\/strong> doit \u00e9galement \u00eatre abord\u00e9e. Le texte initial pr\u00e9voyait que les patients en capacit\u00e9 de le faire se l\u2019administrent eux-m\u00eames, mais un amendement pourrait permettre de d\u00e9l\u00e9guer ce geste \u00e0 un tiers (soignant ou proche majeur).<\/p>\n<p>Le vote solennel des d\u00e9put\u00e9s se tiendra le 11 juin. Le texte sera ensuite examin\u00e9 par le S\u00e9nat.<\/p>\n","protected":false},"excerpt":{"rendered":"<p>Alors que le projet de loi sur la fin de vie est en premi\u00e8re lecture devant les d\u00e9put\u00e9s pour une dur\u00e9e de deux semaines, de nombreux points font d\u00e9bats au sein de l\u2019h\u00e9micycle. Sujet sensible au programme pour les deux prochaines semaines \u00e0 l\u2019Assembl\u00e9e Nationale. Les 577 d\u00e9put\u00e9s ont jusqu\u2019au 11 juin pour examiner et&#8230; <\/p>\n<div class=\"link-more\"><a href=\"https:\/\/www.santeenfrance.fr\/blog\/aide-a-mourir-le-projet-de-loi-est-examine-2898\">En savoir plus<\/a><\/div>\n","protected":false},"author":1,"featured_media":2899,"comment_status":"open","ping_status":"open","sticky":false,"template":"","format":"standard","meta":[],"categories":[32,1,7],"tags":[],"_links":{"self":[{"href":"https:\/\/www.santeenfrance.fr\/blog\/wp-json\/wp\/v2\/posts\/2898"}],"collection":[{"href":"https:\/\/www.santeenfrance.fr\/blog\/wp-json\/wp\/v2\/posts"}],"about":[{"href":"https:\/\/www.santeenfrance.fr\/blog\/wp-json\/wp\/v2\/types\/post"}],"author":[{"embeddable":true,"href":"https:\/\/www.santeenfrance.fr\/blog\/wp-json\/wp\/v2\/users\/1"}],"replies":[{"embeddable":true,"href":"https:\/\/www.santeenfrance.fr\/blog\/wp-json\/wp\/v2\/comments?post=2898"}],"version-history":[{"count":1,"href":"https:\/\/www.santeenfrance.fr\/blog\/wp-json\/wp\/v2\/posts\/2898\/revisions"}],"predecessor-version":[{"id":2900,"href":"https:\/\/www.santeenfrance.fr\/blog\/wp-json\/wp\/v2\/posts\/2898\/revisions\/2900"}],"wp:featuredmedia":[{"embeddable":true,"href":"https:\/\/www.santeenfrance.fr\/blog\/wp-json\/wp\/v2\/media\/2899"}],"wp:attachment":[{"href":"https:\/\/www.santeenfrance.fr\/blog\/wp-json\/wp\/v2\/media?parent=2898"}],"wp:term":[{"taxonomy":"category","embeddable":true,"href":"https:\/\/www.santeenfrance.fr\/blog\/wp-json\/wp\/v2\/categories?post=2898"},{"taxonomy":"post_tag","embeddable":true,"href":"https:\/\/www.santeenfrance.fr\/blog\/wp-json\/wp\/v2\/tags?post=2898"}],"curies":[{"name":"wp","href":"https:\/\/api.w.org\/{rel}","templated":true}]}}