{"id":474,"date":"2017-09-20T15:27:43","date_gmt":"2017-09-20T13:27:43","guid":{"rendered":"http:\/\/www.santeenfrance.fr\/blog\/?p=474"},"modified":"2019-06-21T09:53:56","modified_gmt":"2019-06-21T07:53:56","slug":"journee-mondiale-alzheimer-21-septembre","status":"publish","type":"post","link":"https:\/\/www.santeenfrance.fr\/blog\/journee-mondiale-alzheimer-21-septembre-474","title":{"rendered":"Journ\u00e9e mondiale Alzheimer, 21 septembre"},"content":{"rendered":"<p>Depuis plus de 20 ans (en 1994), <strong>la journ\u00e9e mondiale Alzheimer<\/strong> a \u00e9t\u00e9 mise en place chaque 21 septembre afin de sensibiliser le grand public \u00e0 cette pathologie de plus en plus pr\u00e9sente notamment du au vieillissement de la population. Touchant plus d&rsquo;1 million de fran\u00e7ais et avec 200 000 nouveaux cas d\u00e9tect\u00e9s chaque ann\u00e9e, de nouvelles m\u00e9thodes de soins sont test\u00e9es r\u00e9guli\u00e8rement comme la mise au point d&rsquo;un <a href=\"https:\/\/www.santeenfrance.fr\/blog\/creation-dun-village-alzheimer-dans-les-landes-pour-2019-448\">village Alzheimer dans les Landes pour 2019<\/a>.<\/p>\n<p>D&rsquo;apr\u00e8s une \u00e9tude r\u00e9alis\u00e9e par le journal La Croix publi\u00e9e en septembre 2017<strong>, la maladie d&rsquo;Alzheimer<\/strong> est la seconde maladie la plus redout\u00e9e apr\u00e8s le cancer.<\/p>\n<p>Dans notre \u00e9dition 2017 de l&rsquo;annuaire Sant\u00e9 en France, la pr\u00e9sentation des unit\u00e9s Alzheimer sont facilement accessibles via <a href=\"https:\/\/www.santeenfrance.fr\/annuaire\/4-maisons-de-retraite-ehpad-ehpa\">l&rsquo;annuaire des EHPAD et maisons de retraite<\/a>.<\/p>\n","protected":false},"excerpt":{"rendered":"<p>Depuis plus de 20 ans (en 1994), la journ\u00e9e mondiale Alzheimer a \u00e9t\u00e9 mise en place chaque 21 septembre afin de sensibiliser le grand public \u00e0 cette pathologie de plus en plus pr\u00e9sente notamment du au vieillissement de la population. Touchant plus d&rsquo;1 million de fran\u00e7ais et avec 200 000 nouveaux cas d\u00e9tect\u00e9s chaque ann\u00e9e,&#8230; <\/p>\n<div class=\"link-more\"><a href=\"https:\/\/www.santeenfrance.fr\/blog\/journee-mondiale-alzheimer-21-septembre-474\">En savoir plus<\/a><\/div>\n","protected":false},"author":1,"featured_media":20,"comment_status":"open","ping_status":"open","sticky":false,"template":"","format":"standard","meta":[],"categories":[19],"tags":[15],"_links":{"self":[{"href":"https:\/\/www.santeenfrance.fr\/blog\/wp-json\/wp\/v2\/posts\/474"}],"collection":[{"href":"https:\/\/www.santeenfrance.fr\/blog\/wp-json\/wp\/v2\/posts"}],"about":[{"href":"https:\/\/www.santeenfrance.fr\/blog\/wp-json\/wp\/v2\/types\/post"}],"author":[{"embeddable":true,"href":"https:\/\/www.santeenfrance.fr\/blog\/wp-json\/wp\/v2\/users\/1"}],"replies":[{"embeddable":true,"href":"https:\/\/www.santeenfrance.fr\/blog\/wp-json\/wp\/v2\/comments?post=474"}],"version-history":[{"count":1,"href":"https:\/\/www.santeenfrance.fr\/blog\/wp-json\/wp\/v2\/posts\/474\/revisions"}],"predecessor-version":[{"id":475,"href":"https:\/\/www.santeenfrance.fr\/blog\/wp-json\/wp\/v2\/posts\/474\/revisions\/475"}],"wp:featuredmedia":[{"embeddable":true,"href":"https:\/\/www.santeenfrance.fr\/blog\/wp-json\/wp\/v2\/media\/20"}],"wp:attachment":[{"href":"https:\/\/www.santeenfrance.fr\/blog\/wp-json\/wp\/v2\/media?parent=474"}],"wp:term":[{"taxonomy":"category","embeddable":true,"href":"https:\/\/www.santeenfrance.fr\/blog\/wp-json\/wp\/v2\/categories?post=474"},{"taxonomy":"post_tag","embeddable":true,"href":"https:\/\/www.santeenfrance.fr\/blog\/wp-json\/wp\/v2\/tags?post=474"}],"curies":[{"name":"wp","href":"https:\/\/api.w.org\/{rel}","templated":true}]}}