{"id":705,"date":"2018-04-05T11:22:56","date_gmt":"2018-04-05T09:22:56","guid":{"rendered":"http:\/\/www.santeenfrance.fr\/blog\/?p=705"},"modified":"2018-04-05T11:22:56","modified_gmt":"2018-04-05T09:22:56","slug":"don-du-sang-lefs-lance-un-appel-au-don","status":"publish","type":"post","link":"https:\/\/www.santeenfrance.fr\/blog\/don-du-sang-lefs-lance-un-appel-au-don-705","title":{"rendered":"Don du sang : l&rsquo;EFS lance un appel au don"},"content":{"rendered":"<p><img loading=\"lazy\" src=\"https:\/\/www.santeenfrance.fr\/blog\/wp-content\/uploads\/2018\/04\/don-du-sang-urgent.png\" alt=\"\" width=\"795\" height=\"425\" class=\"alignleft size-full wp-image-706\" srcset=\"https:\/\/www.santeenfrance.fr\/blog\/wp-content\/uploads\/2018\/04\/don-du-sang-urgent.png 795w, https:\/\/www.santeenfrance.fr\/blog\/wp-content\/uploads\/2018\/04\/don-du-sang-urgent-595x318.png 595w, https:\/\/www.santeenfrance.fr\/blog\/wp-content\/uploads\/2018\/04\/don-du-sang-urgent-768x411.png 768w, https:\/\/www.santeenfrance.fr\/blog\/wp-content\/uploads\/2018\/04\/don-du-sang-urgent-100x53.png 100w, https:\/\/www.santeenfrance.fr\/blog\/wp-content\/uploads\/2018\/04\/don-du-sang-urgent-561x300.png 561w\" sizes=\"(max-width: 795px) 100vw, 795px\" \/><br \/>\n\u00c0 l&rsquo;approche des vacances scolaires et des multiples ponts du mois de mai, l&rsquo;\u00c9tablissement Fran\u00e7ais du Sang appelle \u00e0 la mobilisation des fran\u00e7ais lors des 4 prochaines semaines. Une mobilisation n\u00e9cessaire pour remplir les r\u00e9serves de sang avant les nombreux jours f\u00e9ri\u00e9s durant lesquels la collecte de sang tourne au ralenti bien que celui-ci soit n\u00e9cessaire et dont la conservation n&rsquo;est pas possible plus de 5 jours pour les plaquettes (42 jours pour les globules rouges).<\/p>\n<p>Retrouvez les lieux de collectes des EFS via <a href=\"https:\/\/dondesang.efs.sante.fr\/trouver-une-collecte\" target=\"_blank\">le site officiel<\/a> ou via <a href=\"https:\/\/www.santeenfrance.fr\/annuaire\/34-efs-don-du-sang\" target=\"_blank\">l&rsquo;annuaire EFS du site Sant\u00e9 en France<\/a>.<\/p>\n","protected":false},"excerpt":{"rendered":"<p>\u00c0 l&rsquo;approche des vacances scolaires et des multiples ponts du mois de mai, l&rsquo;\u00c9tablissement Fran\u00e7ais du Sang appelle \u00e0 la mobilisation des fran\u00e7ais lors des 4 prochaines semaines. Une mobilisation n\u00e9cessaire pour remplir les r\u00e9serves de sang avant les nombreux jours f\u00e9ri\u00e9s durant lesquels la collecte de sang tourne au ralenti bien que celui-ci soit&#8230; <\/p>\n<div class=\"link-more\"><a href=\"https:\/\/www.santeenfrance.fr\/blog\/don-du-sang-lefs-lance-un-appel-au-don-705\">En savoir plus<\/a><\/div>\n","protected":false},"author":1,"featured_media":709,"comment_status":"open","ping_status":"open","sticky":false,"template":"","format":"standard","meta":[],"categories":[9],"tags":[],"_links":{"self":[{"href":"https:\/\/www.santeenfrance.fr\/blog\/wp-json\/wp\/v2\/posts\/705"}],"collection":[{"href":"https:\/\/www.santeenfrance.fr\/blog\/wp-json\/wp\/v2\/posts"}],"about":[{"href":"https:\/\/www.santeenfrance.fr\/blog\/wp-json\/wp\/v2\/types\/post"}],"author":[{"embeddable":true,"href":"https:\/\/www.santeenfrance.fr\/blog\/wp-json\/wp\/v2\/users\/1"}],"replies":[{"embeddable":true,"href":"https:\/\/www.santeenfrance.fr\/blog\/wp-json\/wp\/v2\/comments?post=705"}],"version-history":[{"count":3,"href":"https:\/\/www.santeenfrance.fr\/blog\/wp-json\/wp\/v2\/posts\/705\/revisions"}],"predecessor-version":[{"id":710,"href":"https:\/\/www.santeenfrance.fr\/blog\/wp-json\/wp\/v2\/posts\/705\/revisions\/710"}],"wp:featuredmedia":[{"embeddable":true,"href":"https:\/\/www.santeenfrance.fr\/blog\/wp-json\/wp\/v2\/media\/709"}],"wp:attachment":[{"href":"https:\/\/www.santeenfrance.fr\/blog\/wp-json\/wp\/v2\/media?parent=705"}],"wp:term":[{"taxonomy":"category","embeddable":true,"href":"https:\/\/www.santeenfrance.fr\/blog\/wp-json\/wp\/v2\/categories?post=705"},{"taxonomy":"post_tag","embeddable":true,"href":"https:\/\/www.santeenfrance.fr\/blog\/wp-json\/wp\/v2\/tags?post=705"}],"curies":[{"name":"wp","href":"https:\/\/api.w.org\/{rel}","templated":true}]}}